{"id":1393,"date":"2025-10-06T09:40:28","date_gmt":"2025-10-06T07:40:28","guid":{"rendered":"https:\/\/sikrk.hr\/?p=1393"},"modified":"2025-10-06T09:40:28","modified_gmt":"2025-10-06T07:40:28","slug":"javni-natjecaj-za-izbor-i-imenovanje-direktora-smart-island-krk-d-o-o-objavljeno-06-10-2025","status":"publish","type":"post","link":"https:\/\/sikrk.hr\/en\/javni-natjecaj-za-izbor-i-imenovanje-direktora-smart-island-krk-d-o-o-objavljeno-06-10-2025\/","title":{"rendered":"Javni natje\u010daj za izbor i imenovanje direktora Smart island Krk d.o.o. (objavljeno 06.10.2025.)"},"content":{"rendered":"<p><em>Smart island Krk d.o.o., na temelju \u010dlanka 10. stavka 1. Dru\u0161tvenog ugovora Smart island Krk d.o.o., te Odluke skup\u0161tine Dru\u0161tva od 18. rujna 2025. godine, raspisuje dana 06. <\/em><em>listopada 2025.<\/em><\/p>\n<p><strong><em>\u00a0<\/em><\/strong><\/p>\n<p style=\"text-align: center;\"><strong><em>JAVNI NATJE\u010cAJ<\/em><\/strong><\/p>\n<p style=\"text-align: center;\"><strong><em>za izbor i imenovanje direktora Smart island Krk d.o.o.<\/em><\/strong><\/p>\n<p><strong><em>\u00a0<\/em><\/strong><\/p>\n<p><strong><em>\u00a0<\/em><\/strong><\/p>\n<p><em>Direktora imenuje skup\u0161tina dru\u0161tva na razdoblje od 4 (\u010detiri) godine.<\/em><\/p>\n<p><em>\u00a0<\/em><\/p>\n<p><em>Uvjeti:<\/em><\/p>\n<ul>\n<li><em>zavr\u0161en sveu\u010dili\u0161ni prijediplomski i sveu\u010dili\u0161ni diplomski studij ili sveu\u010dili\u0161ni integrirani prijediplomski i diplomski studij ili stru\u010dni diplomski studij iz podru\u010dja tehni\u010dkih znanosti na kojem je ste\u010deno minimalno 300 ECTS bodova,<\/em><\/li>\n<li><em>najmanje pet godina radnog iskustva na rukovode\u0107im poslovima u struci<\/em><\/li>\n<\/ul>\n<ul>\n<li><em>nepostojanje zapreka iz \u010dl. 239. st. 2. Zakona o trgova\u010dkim dru\u0161tvima (NN 111\/93, 34\/99, 121\/99, 52\/00, 118\/03, 107\/07, 146\/08, 137\/09, 125\/11, 152\/11, 111\/12, 68\/13, 110\/15, 40\/19, 34\/22, 114\/22, 18\/23, 130\/23, 136\/24),<\/em><\/li>\n<\/ul>\n<ul>\n<li><em>voza\u010dka dozvola B kategorije.<\/em><\/li>\n<\/ul>\n<p><em>\u00a0<\/em><\/p>\n<p><em>Uz pisanu prijavu, u kojoj se navode osobni podaci podnositelja prijave (ime i prezime, adresa prebivali\u0161ta, broj telefona i adresa elektroni\u010dke po\u0161te), kandidati su du\u017eni prilo\u017eiti:<\/em><\/p>\n<p>&nbsp;<\/p>\n<ul>\n<li><em>\u017eivotopis <\/em><\/li>\n<li><em>dokaz o hrvatskom dr\u017eavljanstvu (presliku domovnice, va\u017ee\u0107e osobne iskaznice ili putovnice),<\/em><\/li>\n<li><em>dokaz o ste\u010denoj stru\u010dnoj spremi (preslika diplome),<\/em><\/li>\n<li><em>dokaz o radnom iskustvu u struci (preslika ugovora o radu, rje\u0161enja i sl. ili potvrda poslodavca o vrsti poslova i trajanju radnog odnosa iz kojih mora biti vidljivo tra\u017eeno radno iskustvo),<\/em><\/li>\n<li><em>dokaz o radnom sta\u017eu (elektroni\u010dki zapis o podacima evidentiranim u mati\u010dnoj evidenciji HZMO-a),<\/em><\/li>\n<li><em>uvjerenje da se protiv kandidata ne vodi kazneni postupak (ne starije od 30 dana od dana objave natje\u010daja),<\/em><\/li>\n<li><em>vlastoru\u010dno potpisanu izjavu o nepostojanju zapreka iz \u010dlanka 239. stavka 2. Zakona o trgova\u010dkim dru\u0161tvima, ovjerenu kod javnog bilje\u017enika (obrazac se nalazi u prilogu ove objave)<\/em><\/li>\n<li><em>presliku voza\u010dke dozvole<\/em><\/li>\n<li><em>ispunjenu i potpisanu privolu za prikupljanje osobnih podataka (obrazac se nalazi u prilogu ove objave)<\/em><\/li>\n<\/ul>\n<p><em>\u00a0<\/em><\/p>\n<p><em>Natjecati se mogu osobe oba spola sukladno \u010dl. 13. st. 2. Zakona o ravnopravnosti spolova (NN RH br. 82\/08, 69\/17), a izrazi koji se koriste u natje\u010daju za osobe u mu\u0161kom rodu uporabljeni su neutralno i odnose se na mu\u0161ke i \u017eenske osobe. <\/em><\/p>\n<p><em>\u00a0<\/em><\/p>\n<p><em>Ako kandidat ostvaruje pravo prednosti pri zapo\u0161ljavanju prema posebnim propisima, du\u017ean je u prijavi na natje\u010daj pozvati se na to pravo te uz prijavu prilo\u017eiti svu propisanu dokumentaciju prema posebnom zakonu. \u00a0<\/em><\/p>\n<p><em>\u00a0<\/em><\/p>\n<p><em>Kandidat koji ostvaruje pravo prednosti pri zapo\u0161ljavanju na temelju \u010dlanka 9. Zakona o profesionalnoj rehabilitaciji i zapo\u0161ljavanju osoba s invaliditetom (\u201eNarodne novine\u201c broj 157\/13, 152\/14, 39\/18 i 32\/20) dokazuje to odgovaraju\u0107om javnom ispravom o invaliditetu na temelju koje se osoba mo\u017ee upisati u o\u010devidnik zaposlenih osoba s invaliditetom. <\/em><\/p>\n<p><em>\u00a0<\/em><\/p>\n<p><em>Kandidat koji ostvaruje pravo prednosti pri zapo\u0161ljavanju na temelju \u010dlanka 102. Zakona o hrvatskim braniteljima iz Domovinskog rata i \u010dlanovima njihovih obitelji (\u201eNarodne novine\u201c broj 121\/17, 98\/19, 84\/21 i 156\/23) uz prijavu na natje\u010daj du\u017ean je, osim dokaza o ispunjavanju tra\u017eenih uvjeta, prilo\u017eiti i dokaze o ostvarivanju prava prednosti prilikom zapo\u0161ljavanja iz \u010dlanka 103. Zakona o hrvatskim braniteljima iz Domovinskog rata i \u010dlanovima njihovih obitelji, navedenim na stranicama Ministarstva hrvatskih branitelja: <\/em><\/p>\n<p><a href=\"https:\/\/branitelji.gov.hr\/UserDocsImages\/dokumenti\/Nikola\/popis%20dokaza%20za%20ostvarivanje%20prava%20prednosti%20pri%20zapo%C5%A1ljavanju-%20ZOHBDR%202021.pdf\"><em>https:\/\/branitelji.gov.hr\/UserDocsImages\/dokumenti\/Nikola\/popis%20dokaza%20za%20ostvarivanje%20prava%20prednosti%20pri%20zapo%C5%A1ljavanju-%20ZOHBDR%202021.pdf<\/em><\/a><\/p>\n<p><em>\u00a0<\/em><\/p>\n<p><em>Kandidat koji se poziva na pravo prednosti pri zapo\u0161ljavanju u skladu s \u010dlankom 48. Zakona o civilnim stradalnicima iz Domovinskog rata (\u201eNarodne novine\u201c broj 84\/21) uz prijavu na natje\u010daj du\u017ean je pored dokaza o ispunjavanju tra\u017eenih uvjeta prilo\u017eiti i dokaze potrebne za ostvarivanje prava prednosti pri zapo\u0161ljavanju navedene na mre\u017enoj stranici Ministarstva hrvatskih branitelja Republike Hrvatske:<\/em><\/p>\n<p><a href=\"https:\/\/branitelji.gov.hr\/UserDocsImages\/dokumenti\/Nikola\/popis%20dokaza%20za%20ostvarivanje%20prava%20prednosti%20pri%20zapo%C5%A1ljavanju-%20Zakon%20o%20civilnim%20stradalnicima%20iz%20DR.pdf\"><em>https:\/\/branitelji.gov.hr\/UserDocsImages\/dokumenti\/Nikola\/popis%20dokaza%20za%20ostvarivanje%20prava%20prednosti%20pri%20zapo%C5%A1ljavanju-%20Zakon%20o%20civilnim%20stradalnicima%20iz%20DR.pdf<\/em><\/a><\/p>\n<p><em>\u00a0<\/em><\/p>\n<p><em>\u00a0<\/em><\/p>\n<p><em>Rok za podno\u0161enje prijava je <\/em><strong><em>15 dana<\/em><\/strong><em> od dana objave natje\u010daja na mre\u017enim stranicama Smart island Krk d.o.o.<\/em><\/p>\n<p><em>\u00a0<\/em><\/p>\n<p><em>Pisane prijave na natje\u010daj s dokazima o ispunjavanju uvjeta podnose se u zatvorenoj omotnici neposredno ili preporu\u010denom po\u0161tanskom po\u0161iljkom na adresu: <\/em><strong><em>Smart island Krk d.o.o., Vr\u0161anska 14, 51500 Krk, s naznakom: &#8220;Natje\u010daj za direktora Smart island Krk d.o.o. &#8211; ne otvaraj&#8221;.<\/em><\/strong><\/p>\n<p><em>\u00a0<\/em><\/p>\n<p><em>Datumom prijave smatrat \u0107e se dan primitka ako je prijava predana osobno, odnosno datum po\u0161tanskog \u017eiga na omotnici u kojoj je dostavljena prijava, ukoliko je prijava predana preporu\u010denom po\u0161iljkom.<\/em><\/p>\n<p><em>\u00a0<\/em><\/p>\n<p><em>Urednom prijavom smatra se prijava koja sadr\u017ei sve podatke i priloge navedene u ovom natje\u010daju.<\/em><\/p>\n<p><em>\u00a0<\/em><\/p>\n<p><em>Nepotpune i nepravodobne prijave ne\u0107e se razmatrati, niti \u0107e podnositelji nepotpunih prijava biti pozvani na dopunu prijave. Osoba koja nije podnijela pravodobnu i potpunu prijavu ili ne ispunjava formalne uvjete, ne smatra se kandidatom prijavljenim na natje\u010daj. <\/em><\/p>\n<p><em>\u00a0<\/em><\/p>\n<p><em>Svi kandidati, koji ispunjavaju uvjete iz ovoga natje\u010daja i \u010dije su prijave pravodobne i potpune, pozvat \u0107e se na razgovor, o \u010demu \u0107e biti pravodobno obavije\u0161teni. Smart island Krk d.o.o. \u0107e pisanim putem obavijestiti sve kandidate (na dostavljene elektroni\u010dke adrese) o to\u010dnom datumu i satu odr\u017eavanja razgovora.<\/em><\/p>\n<p><em>\u00a0<\/em><\/p>\n<p><em>Za kandidata koji ne pristupi razgovoru smatrat \u0107e se da je povukao prijavu na ovaj natje\u010daj. <\/em><\/p>\n<p><em>\u00a0<\/em><\/p>\n<p><em>Po zavr\u0161etku ovog javnog natje\u010daja kandidati \u0107e biti obavije\u0161teni o rezultatima.<\/em><\/p>\n<p>&nbsp;<\/p>\n<p><strong>Tekst natje\u010daja i prilozi:<\/strong><\/p>\n<p><a href=\"https:\/\/sikrk.hr\/wp-content\/uploads\/2025\/10\/Natjecaj-za-direktora.docx\">Natje\u010daj za dirketora<\/a><\/p>\n<p><a href=\"https:\/\/sikrk.hr\/wp-content\/uploads\/2025\/10\/izjava_s_privolom.docx\">Izjava s privolom<\/a><\/p>\n<p><a href=\"https:\/\/sikrk.hr\/wp-content\/uploads\/2025\/10\/Izjava-o-nepostojanju-zapreka-iz-clanka-239.-Zakona-o-trgovackim-drustvima.docx\">Izjava o nepostojanju zapreka iz \u010dlanka 239. zakona o trgova\u010dkim dru\u0161tvima<\/a><\/p>\n<p>&nbsp;<\/p>","protected":false},"excerpt":{"rendered":"<p>Smart island Krk d.o.o., na temelju \u010dlanka 10. stavka 1. Dru\u0161tvenog ugovora Smart island Krk d.o.o., te Odluke skup\u0161tine Dru\u0161tva od 18. rujna 2025. godine, raspisuje dana 06. listopada 2025. \u00a0 JAVNI NATJE\u010cAJ za izbor i imenovanje direktora Smart island Krk d.o.o. \u00a0 \u00a0 Direktora imenuje skup\u0161tina dru\u0161tva na razdoblje od 4 (\u010detiri) godine. \u00a0&hellip; <br \/> <a class=\"read-more\" href=\"https:\/\/sikrk.hr\/en\/javni-natjecaj-za-izbor-i-imenovanje-direktora-smart-island-krk-d-o-o-objavljeno-06-10-2025\/\">Read more<\/a><\/p>","protected":false},"author":1,"featured_media":0,"comment_status":"open","ping_status":"open","sticky":false,"template":"","format":"standard","meta":{"footnotes":""},"categories":[4],"tags":[],"class_list":["post-1393","post","type-post","status-publish","format-standard","hentry","category-novosti"],"yoast_head":"<!-- This site is optimized with the Yoast SEO plugin v27.3 - https:\/\/yoast.com\/product\/yoast-seo-wordpress\/ -->\n<title>Javni natje\u010daj za izbor i imenovanje direktora Smart island Krk d.o.o. (objavljeno 06.10.2025.) - SMART ISLAND KRK<\/title>\n<meta name=\"robots\" content=\"index, follow, max-snippet:-1, max-image-preview:large, max-video-preview:-1\" \/>\n<link rel=\"canonical\" href=\"https:\/\/sikrk.hr\/en\/javni-natjecaj-za-izbor-i-imenovanje-direktora-smart-island-krk-d-o-o-objavljeno-06-10-2025\/\" \/>\n<meta property=\"og:locale\" content=\"en_GB\" \/>\n<meta property=\"og:type\" content=\"article\" \/>\n<meta property=\"og:title\" content=\"Javni natje\u010daj za izbor i imenovanje direktora Smart island Krk d.o.o. (objavljeno 06.10.2025.) - SMART ISLAND KRK\" \/>\n<meta property=\"og:description\" content=\"Smart island Krk d.o.o., na temelju \u010dlanka 10. stavka 1. Dru\u0161tvenog ugovora Smart island Krk d.o.o., te Odluke skup\u0161tine Dru\u0161tva od 18. rujna 2025. godine, raspisuje dana 06. listopada 2025. \u00a0 JAVNI NATJE\u010cAJ za izbor i imenovanje direktora Smart island Krk d.o.o. \u00a0 \u00a0 Direktora imenuje skup\u0161tina dru\u0161tva na razdoblje od 4 (\u010detiri) godine. \u00a0&hellip; Read more\" \/>\n<meta property=\"og:url\" content=\"https:\/\/sikrk.hr\/en\/javni-natjecaj-za-izbor-i-imenovanje-direktora-smart-island-krk-d-o-o-objavljeno-06-10-2025\/\" \/>\n<meta property=\"og:site_name\" content=\"SMART ISLAND KRK\" \/>\n<meta property=\"article:published_time\" content=\"2025-10-06T07:40:28+00:00\" \/>\n<meta name=\"author\" content=\"ivona_jh394623\" \/>\n<meta name=\"twitter:card\" content=\"summary_large_image\" \/>\n<meta name=\"twitter:label1\" content=\"Written by\" \/>\n\t<meta name=\"twitter:data1\" content=\"ivona_jh394623\" \/>\n\t<meta name=\"twitter:label2\" content=\"Estimated reading time\" \/>\n\t<meta name=\"twitter:data2\" content=\"4 minutes\" \/>\n<script type=\"application\/ld+json\" class=\"yoast-schema-graph\">{\"@context\":\"https:\\\/\\\/schema.org\",\"@graph\":[{\"@type\":\"Article\",\"@id\":\"https:\\\/\\\/sikrk.hr\\\/javni-natjecaj-za-izbor-i-imenovanje-direktora-smart-island-krk-d-o-o-objavljeno-06-10-2025\\\/#article\",\"isPartOf\":{\"@id\":\"https:\\\/\\\/sikrk.hr\\\/javni-natjecaj-za-izbor-i-imenovanje-direktora-smart-island-krk-d-o-o-objavljeno-06-10-2025\\\/\"},\"author\":{\"name\":\"ivona_jh394623\",\"@id\":\"https:\\\/\\\/sikrk.hr\\\/#\\\/schema\\\/person\\\/a93be2b89a65013f5957edb8e1d95e09\"},\"headline\":\"Javni natje\u010daj za izbor i imenovanje direktora Smart island Krk d.o.o. (objavljeno 06.10.2025.)\",\"datePublished\":\"2025-10-06T07:40:28+00:00\",\"mainEntityOfPage\":{\"@id\":\"https:\\\/\\\/sikrk.hr\\\/javni-natjecaj-za-izbor-i-imenovanje-direktora-smart-island-krk-d-o-o-objavljeno-06-10-2025\\\/\"},\"wordCount\":882,\"commentCount\":0,\"publisher\":{\"@id\":\"https:\\\/\\\/sikrk.hr\\\/#organization\"},\"articleSection\":[\"NOVOSTI\"],\"inLanguage\":\"en-GB\",\"potentialAction\":[{\"@type\":\"CommentAction\",\"name\":\"Comment\",\"target\":[\"https:\\\/\\\/sikrk.hr\\\/javni-natjecaj-za-izbor-i-imenovanje-direktora-smart-island-krk-d-o-o-objavljeno-06-10-2025\\\/#respond\"]}]},{\"@type\":\"WebPage\",\"@id\":\"https:\\\/\\\/sikrk.hr\\\/javni-natjecaj-za-izbor-i-imenovanje-direktora-smart-island-krk-d-o-o-objavljeno-06-10-2025\\\/\",\"url\":\"https:\\\/\\\/sikrk.hr\\\/javni-natjecaj-za-izbor-i-imenovanje-direktora-smart-island-krk-d-o-o-objavljeno-06-10-2025\\\/\",\"name\":\"Javni natje\u010daj za izbor i imenovanje direktora Smart island Krk d.o.o. (objavljeno 06.10.2025.) - SMART ISLAND KRK\",\"isPartOf\":{\"@id\":\"https:\\\/\\\/sikrk.hr\\\/#website\"},\"datePublished\":\"2025-10-06T07:40:28+00:00\",\"breadcrumb\":{\"@id\":\"https:\\\/\\\/sikrk.hr\\\/javni-natjecaj-za-izbor-i-imenovanje-direktora-smart-island-krk-d-o-o-objavljeno-06-10-2025\\\/#breadcrumb\"},\"inLanguage\":\"en-GB\",\"potentialAction\":[{\"@type\":\"ReadAction\",\"target\":[\"https:\\\/\\\/sikrk.hr\\\/javni-natjecaj-za-izbor-i-imenovanje-direktora-smart-island-krk-d-o-o-objavljeno-06-10-2025\\\/\"]}]},{\"@type\":\"BreadcrumbList\",\"@id\":\"https:\\\/\\\/sikrk.hr\\\/javni-natjecaj-za-izbor-i-imenovanje-direktora-smart-island-krk-d-o-o-objavljeno-06-10-2025\\\/#breadcrumb\",\"itemListElement\":[{\"@type\":\"ListItem\",\"position\":1,\"name\":\"Home\",\"item\":\"https:\\\/\\\/sikrk.hr\\\/\"},{\"@type\":\"ListItem\",\"position\":2,\"name\":\"Javni natje\u010daj za izbor i imenovanje direktora Smart island Krk d.o.o. (objavljeno 06.10.2025.)\"}]},{\"@type\":\"WebSite\",\"@id\":\"https:\\\/\\\/sikrk.hr\\\/#website\",\"url\":\"https:\\\/\\\/sikrk.hr\\\/\",\"name\":\"SMART ISLAND KRK\",\"description\":\"\",\"publisher\":{\"@id\":\"https:\\\/\\\/sikrk.hr\\\/#organization\"},\"potentialAction\":[{\"@type\":\"SearchAction\",\"target\":{\"@type\":\"EntryPoint\",\"urlTemplate\":\"https:\\\/\\\/sikrk.hr\\\/?s={search_term_string}\"},\"query-input\":{\"@type\":\"PropertyValueSpecification\",\"valueRequired\":true,\"valueName\":\"search_term_string\"}}],\"inLanguage\":\"en-GB\"},{\"@type\":\"Organization\",\"@id\":\"https:\\\/\\\/sikrk.hr\\\/#organization\",\"name\":\"Smart island Krk\",\"url\":\"https:\\\/\\\/sikrk.hr\\\/\",\"logo\":{\"@type\":\"ImageObject\",\"inLanguage\":\"en-GB\",\"@id\":\"https:\\\/\\\/sikrk.hr\\\/#\\\/schema\\\/logo\\\/image\\\/\",\"url\":\"http:\\\/\\\/sikrk.hr\\\/wp-content\\\/uploads\\\/2019\\\/12\\\/logo_sik.png\",\"contentUrl\":\"http:\\\/\\\/sikrk.hr\\\/wp-content\\\/uploads\\\/2019\\\/12\\\/logo_sik.png\",\"width\":598,\"height\":260,\"caption\":\"Smart island Krk\"},\"image\":{\"@id\":\"https:\\\/\\\/sikrk.hr\\\/#\\\/schema\\\/logo\\\/image\\\/\"}},{\"@type\":\"Person\",\"@id\":\"https:\\\/\\\/sikrk.hr\\\/#\\\/schema\\\/person\\\/a93be2b89a65013f5957edb8e1d95e09\",\"name\":\"ivona_jh394623\",\"image\":{\"@type\":\"ImageObject\",\"inLanguage\":\"en-GB\",\"@id\":\"https:\\\/\\\/secure.gravatar.com\\\/avatar\\\/656d9ca0f8d88dffd1cea58e5f0fac82ca01a9586094c2961af35d2a3e1427ea?s=96&d=mm&r=g\",\"url\":\"https:\\\/\\\/secure.gravatar.com\\\/avatar\\\/656d9ca0f8d88dffd1cea58e5f0fac82ca01a9586094c2961af35d2a3e1427ea?s=96&d=mm&r=g\",\"contentUrl\":\"https:\\\/\\\/secure.gravatar.com\\\/avatar\\\/656d9ca0f8d88dffd1cea58e5f0fac82ca01a9586094c2961af35d2a3e1427ea?s=96&d=mm&r=g\",\"caption\":\"ivona_jh394623\"}}]}<\/script>\n<!-- \/ Yoast SEO plugin. -->","yoast_head_json":{"title":"Javni natje\u010daj za izbor i imenovanje direktora Smart island Krk d.o.o. (objavljeno 06.10.2025.) - SMART ISLAND KRK","robots":{"index":"index","follow":"follow","max-snippet":"max-snippet:-1","max-image-preview":"max-image-preview:large","max-video-preview":"max-video-preview:-1"},"canonical":"https:\/\/sikrk.hr\/en\/javni-natjecaj-za-izbor-i-imenovanje-direktora-smart-island-krk-d-o-o-objavljeno-06-10-2025\/","og_locale":"en_GB","og_type":"article","og_title":"Javni natje\u010daj za izbor i imenovanje direktora Smart island Krk d.o.o. (objavljeno 06.10.2025.) - SMART ISLAND KRK","og_description":"Smart island Krk d.o.o., na temelju \u010dlanka 10. stavka 1. Dru\u0161tvenog ugovora Smart island Krk d.o.o., te Odluke skup\u0161tine Dru\u0161tva od 18. rujna 2025. godine, raspisuje dana 06. listopada 2025. \u00a0 JAVNI NATJE\u010cAJ za izbor i imenovanje direktora Smart island Krk d.o.o. \u00a0 \u00a0 Direktora imenuje skup\u0161tina dru\u0161tva na razdoblje od 4 (\u010detiri) godine. \u00a0&hellip; Read more","og_url":"https:\/\/sikrk.hr\/en\/javni-natjecaj-za-izbor-i-imenovanje-direktora-smart-island-krk-d-o-o-objavljeno-06-10-2025\/","og_site_name":"SMART ISLAND KRK","article_published_time":"2025-10-06T07:40:28+00:00","author":"ivona_jh394623","twitter_card":"summary_large_image","twitter_misc":{"Written by":"ivona_jh394623","Estimated reading time":"4 minutes"},"schema":{"@context":"https:\/\/schema.org","@graph":[{"@type":"Article","@id":"https:\/\/sikrk.hr\/javni-natjecaj-za-izbor-i-imenovanje-direktora-smart-island-krk-d-o-o-objavljeno-06-10-2025\/#article","isPartOf":{"@id":"https:\/\/sikrk.hr\/javni-natjecaj-za-izbor-i-imenovanje-direktora-smart-island-krk-d-o-o-objavljeno-06-10-2025\/"},"author":{"name":"ivona_jh394623","@id":"https:\/\/sikrk.hr\/#\/schema\/person\/a93be2b89a65013f5957edb8e1d95e09"},"headline":"Javni natje\u010daj za izbor i imenovanje direktora Smart island Krk d.o.o. (objavljeno 06.10.2025.)","datePublished":"2025-10-06T07:40:28+00:00","mainEntityOfPage":{"@id":"https:\/\/sikrk.hr\/javni-natjecaj-za-izbor-i-imenovanje-direktora-smart-island-krk-d-o-o-objavljeno-06-10-2025\/"},"wordCount":882,"commentCount":0,"publisher":{"@id":"https:\/\/sikrk.hr\/#organization"},"articleSection":["NOVOSTI"],"inLanguage":"en-GB","potentialAction":[{"@type":"CommentAction","name":"Comment","target":["https:\/\/sikrk.hr\/javni-natjecaj-za-izbor-i-imenovanje-direktora-smart-island-krk-d-o-o-objavljeno-06-10-2025\/#respond"]}]},{"@type":"WebPage","@id":"https:\/\/sikrk.hr\/javni-natjecaj-za-izbor-i-imenovanje-direktora-smart-island-krk-d-o-o-objavljeno-06-10-2025\/","url":"https:\/\/sikrk.hr\/javni-natjecaj-za-izbor-i-imenovanje-direktora-smart-island-krk-d-o-o-objavljeno-06-10-2025\/","name":"Javni natje\u010daj za izbor i imenovanje direktora Smart island Krk d.o.o. (objavljeno 06.10.2025.) - SMART ISLAND KRK","isPartOf":{"@id":"https:\/\/sikrk.hr\/#website"},"datePublished":"2025-10-06T07:40:28+00:00","breadcrumb":{"@id":"https:\/\/sikrk.hr\/javni-natjecaj-za-izbor-i-imenovanje-direktora-smart-island-krk-d-o-o-objavljeno-06-10-2025\/#breadcrumb"},"inLanguage":"en-GB","potentialAction":[{"@type":"ReadAction","target":["https:\/\/sikrk.hr\/javni-natjecaj-za-izbor-i-imenovanje-direktora-smart-island-krk-d-o-o-objavljeno-06-10-2025\/"]}]},{"@type":"BreadcrumbList","@id":"https:\/\/sikrk.hr\/javni-natjecaj-za-izbor-i-imenovanje-direktora-smart-island-krk-d-o-o-objavljeno-06-10-2025\/#breadcrumb","itemListElement":[{"@type":"ListItem","position":1,"name":"Home","item":"https:\/\/sikrk.hr\/"},{"@type":"ListItem","position":2,"name":"Javni natje\u010daj za izbor i imenovanje direktora Smart island Krk d.o.o. (objavljeno 06.10.2025.)"}]},{"@type":"WebSite","@id":"https:\/\/sikrk.hr\/#website","url":"https:\/\/sikrk.hr\/","name":"SMART ISLAND KRK","description":"","publisher":{"@id":"https:\/\/sikrk.hr\/#organization"},"potentialAction":[{"@type":"SearchAction","target":{"@type":"EntryPoint","urlTemplate":"https:\/\/sikrk.hr\/?s={search_term_string}"},"query-input":{"@type":"PropertyValueSpecification","valueRequired":true,"valueName":"search_term_string"}}],"inLanguage":"en-GB"},{"@type":"Organization","@id":"https:\/\/sikrk.hr\/#organization","name":"Smart island Krk","url":"https:\/\/sikrk.hr\/","logo":{"@type":"ImageObject","inLanguage":"en-GB","@id":"https:\/\/sikrk.hr\/#\/schema\/logo\/image\/","url":"http:\/\/sikrk.hr\/wp-content\/uploads\/2019\/12\/logo_sik.png","contentUrl":"http:\/\/sikrk.hr\/wp-content\/uploads\/2019\/12\/logo_sik.png","width":598,"height":260,"caption":"Smart island Krk"},"image":{"@id":"https:\/\/sikrk.hr\/#\/schema\/logo\/image\/"}},{"@type":"Person","@id":"https:\/\/sikrk.hr\/#\/schema\/person\/a93be2b89a65013f5957edb8e1d95e09","name":"ivona_jh394623","image":{"@type":"ImageObject","inLanguage":"en-GB","@id":"https:\/\/secure.gravatar.com\/avatar\/656d9ca0f8d88dffd1cea58e5f0fac82ca01a9586094c2961af35d2a3e1427ea?s=96&d=mm&r=g","url":"https:\/\/secure.gravatar.com\/avatar\/656d9ca0f8d88dffd1cea58e5f0fac82ca01a9586094c2961af35d2a3e1427ea?s=96&d=mm&r=g","contentUrl":"https:\/\/secure.gravatar.com\/avatar\/656d9ca0f8d88dffd1cea58e5f0fac82ca01a9586094c2961af35d2a3e1427ea?s=96&d=mm&r=g","caption":"ivona_jh394623"}}]}},"_links":{"self":[{"href":"https:\/\/sikrk.hr\/en\/wp-json\/wp\/v2\/posts\/1393","targetHints":{"allow":["GET"]}}],"collection":[{"href":"https:\/\/sikrk.hr\/en\/wp-json\/wp\/v2\/posts"}],"about":[{"href":"https:\/\/sikrk.hr\/en\/wp-json\/wp\/v2\/types\/post"}],"author":[{"embeddable":true,"href":"https:\/\/sikrk.hr\/en\/wp-json\/wp\/v2\/users\/1"}],"replies":[{"embeddable":true,"href":"https:\/\/sikrk.hr\/en\/wp-json\/wp\/v2\/comments?post=1393"}],"version-history":[{"count":2,"href":"https:\/\/sikrk.hr\/en\/wp-json\/wp\/v2\/posts\/1393\/revisions"}],"predecessor-version":[{"id":1541,"href":"https:\/\/sikrk.hr\/en\/wp-json\/wp\/v2\/posts\/1393\/revisions\/1541"}],"wp:attachment":[{"href":"https:\/\/sikrk.hr\/en\/wp-json\/wp\/v2\/media?parent=1393"}],"wp:term":[{"taxonomy":"category","embeddable":true,"href":"https:\/\/sikrk.hr\/en\/wp-json\/wp\/v2\/categories?post=1393"},{"taxonomy":"post_tag","embeddable":true,"href":"https:\/\/sikrk.hr\/en\/wp-json\/wp\/v2\/tags?post=1393"}],"curies":[{"name":"wp","href":"https:\/\/api.w.org\/{rel}","templated":true}]}}